{"id":2769,"date":"2024-01-25T17:25:59","date_gmt":"2024-01-25T16:25:59","guid":{"rendered":"https:\/\/grboslovlje.eu\/?p=2769"},"modified":"2024-05-20T15:42:35","modified_gmt":"2024-05-20T13:42:35","slug":"izrada-hrvatskog-renesansnog-stita","status":"publish","type":"post","link":"https:\/\/grboslovlje.eu\/index.php\/2024\/01\/25\/izrada-hrvatskog-renesansnog-stita\/","title":{"rendered":"Izrada hrvatskog renesansnog \u0161tita"},"content":{"rendered":"\r\n<p>Prilikom pregleda raznih plemi\u0107kih grbovnika uo\u010dio sam da samo u grbovnicima sa hrvatskim plemstvom se pojavljuje jedan heraldi\u010dki oblik \u0161tita kojeg nema nigdje drugdje. Po\u010dev\u0161i od Plemi\u0107kog grbovnika iz Fojnice iz 1675. ( kopija izvornika Ohmu\u010devi\u0107evog grbovnika iz 1340. ) pa sve do grbovnika Der Adel von Kroatien und Slavonien od dr. Bojni\u010di\u0107a iz 1899. te se mo\u017ee zaklju\u010diti da je prikazani oblik \u0161tita bio kori\u0161ten samo u ovim krajevima.<\/p>\r\n\r\n\r\n\r\n<p>Upravo zbog toga odlu\u010dio sam i izraditi \u0161tit koji bi odgovarao to\u010dnim dimenzijama naspram grboslovlja ali i osobe koja bi ga koristila.<\/p>\r\n\r\n\r\n\r\n<p>Pa prvo da ga ispravno grboslovno i iscrtamo.<\/p>\r\n\r\n\r\n<div class=\"wp-block-image\">\r\n<figure class=\"aligncenter size-full\"><img loading=\"lazy\" decoding=\"async\" width=\"1024\" height=\"724\" class=\"wp-image-2770\" src=\"https:\/\/grboslovlje.eu\/wp-content\/uploads\/2024\/01\/stit-fojnica-1024x724-1.png\" alt=\"\" \/><\/figure>\r\n<\/div>\r\n\r\n\r\n<div class=\"wp-block-columns is-layout-flex wp-container-core-columns-is-layout-28f84493 wp-block-columns-is-layout-flex\">\r\n<div class=\"wp-block-column is-layout-flow wp-block-column-is-layout-flow\">\r\n<p><strong>DESNO<\/strong><\/p>\r\n<\/div>\r\n\r\n\r\n\r\n<div class=\"wp-block-column is-layout-flow wp-block-column-is-layout-flow\">\r\n<p class=\"has-text-align-right\"><strong>LIJEVO<\/strong><\/p>\r\n<\/div>\r\n<\/div>\r\n\r\n\r\n\r\n<p>Grb se iscrtava po standarnom iscrtavanju francuskog oblika \u0161tita ali sa malim preinakama. Pa krenimo od po\u010detka.<\/p>\r\n\r\n\r\n\r\n<p>Za iscrtavanje francuskog oblika \u0161tita koristi se mre\u017ea od 3&#215;3 baze (<strong>b<\/strong>) pri \u010demu baza ozna\u010dava duljinu jednog pedlja kod izrade \u0161tita. Za razliku od francuskog kod izrade hrvatskog \u0161tita koristimo dvije mre\u017ee od 3&#215;3 <strong>b<\/strong> koje se me\u0111usobno preklapaju desno dolje od \u0161tita (gledaju\u0107i po grboslovnim stranama).<\/p>\r\n\r\n\r\n\r\n<p class=\"has-medium-font-size\"><span style=\"color: #ff0000;\"><strong>Gornji desni urez<\/strong><\/span><\/p>\r\n\r\n\r\n\r\n<p>Iscrtavamo klasi\u010dni francuski \u0161tit i gornji desni kvadrat dijelimo po tre\u0107inama kako bi se sastojao od mre\u017ee 1\/3&#215;1\/3 <strong>b<\/strong>. Uzimamo u \u0161estar 1\/3 <strong>b<\/strong> kako bi dobili radijus ureza za koplje <strong>rs<\/strong> . Sredi\u0161te ureza postavljamo na 2\/3 dolje od gornjeg ruba \u0161tita i 1\/3 lijevo od desnog ruba \u0161tita te iscrtamo kru\u017enicu. U sredi\u0161njem gornjem kvadrantu iscrtamo dijagonalu koja se naginje u lijevo kako bi povezali gornje tjeme kru\u017enice sa gornjim rubom \u0161tita.<\/p>\r\n\r\n\r\n\r\n<p class=\"has-medium-font-size\"><span style=\"color: #ff0000;\"><strong>Donji desni urez<\/strong><\/span><\/p>\r\n\r\n\r\n\r\n<p>Kod iscrtavanja donjeg desnog ureza koristimo obje preklopljene mre\u017ee pri \u010demu prije svega trebamo definirati radijus <strong>r<\/strong> koji \u0107emo koristiti prilikom iscrtavanja ureza.<\/p>\r\n\r\n\r\n\r\n<p>S obzirom da je radijus <strong>r<\/strong> upisne kru\u017enice odre\u0111en udaljeno\u0161\u0107u od sredi\u0161ta 3&#215;3 <strong>b<\/strong> mre\u017ee do sjeci\u0161ta opisne kru\u017enice radijusa <strong>R<\/strong> i gornjeg obruba donjeg desnog kvadrata mre\u017ee <strong>A<\/strong> moramo dobro paziti na redoslijed iscrtavanja obiju kru\u017enica. Prvo se iscrtava upisna kru\u017enica \u0161tita iz gornjeg kvadranta od to\u010dke A do dodirne to\u010dke <strong>B<\/strong> pa tek onda i kru\u017enica donjeg kvadranta od to\u010dke <strong>B<\/strong> do sjeci\u0161ta sa lijevom opisnom kru\u017enicom u to\u010dci <strong>C<\/strong> .<\/p>\r\n\r\n\r\n\r\n<p class=\"has-medium-font-size\"><span style=\"color: #ff0000;\"><strong>Izrezivanje iscrtanog \u0161tita za \u0161ablonu<\/strong><\/span><\/p>\r\n\r\n\r\n<div class=\"wp-block-image\">\r\n<figure class=\"aligncenter size-full\"><img loading=\"lazy\" decoding=\"async\" width=\"766\" height=\"1024\" class=\"wp-image-2772\" src=\"https:\/\/grboslovlje.eu\/wp-content\/uploads\/2024\/01\/364142729_10161830996345769_1635785242692047663_n-766x1024-1.jpg\" alt=\"\" \/><\/figure>\r\n<\/div>\r\n\r\n\r\n<p>Prilikom izrade \u0161ablone za iscrtavanje treba uzeti u obzir baznu duljinu od jednog pedlja vlasnika \u0161tita. Kako bi odredili du\u017einu pedlja vlasnik bi trebao izmjeriti udaljenost izme\u0111u zape\u0161\u0107a i vrha ispru\u017eene \u0161ake.<\/p>\r\n\r\n\r\n\r\n<div class=\"wp-block-columns is-layout-flex wp-container-core-columns-is-layout-28f84493 wp-block-columns-is-layout-flex\">\r\n<div class=\"wp-block-column is-layout-flow wp-block-column-is-layout-flow\">\r\n<figure class=\"wp-block-image size-full\"><img loading=\"lazy\" decoding=\"async\" width=\"663\" height=\"808\" class=\"wp-image-2784\" src=\"https:\/\/grboslovlje.eu\/wp-content\/uploads\/2024\/01\/pedalj-1.png\" alt=\"\" \/><\/figure>\r\n<\/div>\r\n\r\n\r\n\r\n<div class=\"wp-block-column is-layout-flow wp-block-column-is-layout-flow\">\r\n<p>Pravilno odre\u0111ivanje du\u017eine pedlja prikazano je na slici lijevo.<\/p>\r\n\r\n\r\n\r\n<p>Primjera radi uzmemo li da izmjerena du\u017eina jednog pedlja odgovara du\u017eini od 20 cm u tom slu\u010daju osnova iscrtavanja za cijeli \u0161tit je baza b = 20 cm.<\/p>\r\n\r\n\r\n\r\n<p>\u0160to zna\u010di da je mre\u017ea \u0161tita 60&#215;60 cm jer je odre\u0111ena sa 3b x 3b pa bi sukladno tome trebalo i odabrati veli\u010dinu papira na koju stane cjelokupan crte\u017e.<\/p>\r\n\r\n\r\n\r\n<p>U ovom slu\u010daju minimalna veli\u010dina papira bi bila 100&#215;100 cm.<\/p>\r\n\r\n\r\n\r\n<p>Nakon iscrtavanja potrebno je sve precizno izrezati i zaoblit \u0161pice kako ne bi do\u0161lo do nepotrebnog o\u0161te\u0107ivanja \u0161tita prilikom kori\u0161tenja.<\/p>\r\n<\/div>\r\n<\/div>\r\n\r\n\r\n\r\n<p>Izradom ovakvog tipa \u0161ablone dobijamo \u0161titove koji nisu iste veli\u010dine unutar grupe ljudi ali zato savr\u0161eno odgovaraju osobama koje ga koriste dok su razlike neznatne unutar grupe.<\/p>\r\n\r\n\r\n\r\n<p class=\"has-medium-font-size\"><span style=\"color: #ff0000;\"><strong>Iscrtavanje i izrezivanje \u0161tita nakon obrade u kalupu<\/strong><\/span><\/p>\r\n\r\n\r\n\r\n<p>Pripremljen drveni materijal je bio ukalupljen i osu\u0161en kako je ve\u0107 prije opisano u objavi <a href=\"https:\/\/grboslovlje.eu\/index.php\/2023\/05\/10\/izrada-stitova\/\">Izrada \u0161titova<\/a> .<\/p>\r\n\r\n\r\n\r\n<p>Izvadimo poluobra\u0111eni drveni materijal iz kalupa i na njega postavimo \u0161ablonu radi iscrtavanja obruba koji \u0107emo kasnije izrezati sa ubodnom pilom.<\/p>\r\n\r\n\r\n\r\n<p>Iscrtamo obrub, izre\u017eemo ga i brusnim papirom o\u010distimo rubove.<\/p>\r\n\r\n\r\n\r\n<p>Sad treba utvrditi balans \u0161tita kako bi se mogle ispravno izbu\u0161iti rupe za postavljanje ru\u010dki.<\/p>\r\n\r\n\r\n\r\n<div class=\"wp-block-columns is-layout-flex wp-container-core-columns-is-layout-28f84493 wp-block-columns-is-layout-flex\">\r\n<div class=\"wp-block-column is-layout-flow wp-block-column-is-layout-flow\">\r\n<p>Kako bi pravilno utvrdili ravnote\u017eu \u0161tita potrebno je primiti \u0161tit u polovici gornje desne dijagonale u to\u010dki A i pustimo da gravitacija odradi svoje.<\/p>\r\n\r\n\r\n\r\n<p>Time smo dobili te\u017ei\u0161nicu naspram \u0161tita.<\/p>\r\n\r\n\r\n\r\n<p>Naspram te\u017ei\u0161nice pod pravim kutom povla\u010dimo linije jednake udaljenosti od te\u017ei\u0161nice kako bi odredili gdje se bu\u0161e rupe za ru\u010dke.<\/p>\r\n\r\n\r\n\r\n<p>Udaljenost rupa kod \u0161ake i podlaktice ovisi o osnovnoj bazi\u010dnoj du\u017eini b izrade \u0161tita . Time udaljenost izme\u0111u rupa je jednaka du\u017eini b pri \u010demu su rupe na samo pola udaljenosti od te\u017ei\u0161nice.<\/p>\r\n\r\n\r\n\r\n<p>Ukoliko radite kri\u017eno remenje za \u0161aku kao u ovom primjeru ne zaboravite da remenje jedno naspram drugog stoji po kutom od 30<sup>o <\/sup> .<\/p>\r\n<\/div>\r\n\r\n\r\n\r\n<div class=\"wp-block-column is-layout-flow wp-block-column-is-layout-flow\">\r\n<figure class=\"wp-block-image size-full is-resized\"><img loading=\"lazy\" decoding=\"async\" width=\"899\" height=\"959\" class=\"wp-image-2798\" style=\"width: 420px; height: auto;\" src=\"https:\/\/grboslovlje.eu\/wp-content\/uploads\/2024\/01\/tezina.png\" alt=\"\" \/><\/figure>\r\n<\/div>\r\n<\/div>\r\n\r\n\r\n\r\n<p>Nakon bu\u0161enja rupa na \u0161titu i obrade dobija se sljede\u0107i rezultat.<\/p>\r\n\r\n\r\n\r\n<figure class=\"wp-block-gallery aligncenter has-nested-images columns-default is-cropped wp-block-gallery-1 is-layout-flex wp-block-gallery-is-layout-flex\">\r\n<figure class=\"wp-block-image size-large\"><img loading=\"lazy\" decoding=\"async\" width=\"766\" height=\"1024\" data-id=\"2773\" class=\"wp-image-2773\" src=\"https:\/\/grboslovlje.eu\/wp-content\/uploads\/2024\/01\/379630193_340140901768938_455538386216512997_n-766x1024-1.jpg\" alt=\"\" \/><\/figure>\r\n\r\n\r\n\r\n<figure class=\"wp-block-image size-large\"><img loading=\"lazy\" decoding=\"async\" width=\"766\" height=\"1024\" data-id=\"2774\" class=\"wp-image-2774\" src=\"https:\/\/grboslovlje.eu\/wp-content\/uploads\/2024\/01\/379614448_1061039951996778_2967237428762581470_n-1-766x1024-1.jpg\" alt=\"\" \/><\/figure>\r\n<\/figure>\r\n\r\n\r\n\r\n<p>Kod ljepljenja \u0161tita pazite da je na \u0161perplo\u010de postavljeno dosta ljepila i da je postavljen ravnomjerno te da su u kalupu dobro stegnute kako ne bi do\u0161lo do njihova razdvajanja. Tako\u0111er se mo\u017ee postaviti platno izme\u0111u njih \u010dime dobijate bolju izdr\u017eljivost ali i suho\u0107u drveta jer \u0107e platno postaviti nepropusne barijere za vodu.<\/p>\r\n\r\n\r\n<div class=\"wp-block-image\">\r\n<figure class=\"aligncenter size-large\"><img loading=\"lazy\" decoding=\"async\" width=\"766\" height=\"1024\" class=\"wp-image-2801\" src=\"https:\/\/grboslovlje.eu\/wp-content\/uploads\/2024\/01\/FB_IMG_1706479198530-766x1024.jpg\" alt=\"\" \/><\/figure>\r\n<\/div>\r\n\r\n\r\n<p class=\"has-medium-font-size\"><span style=\"color: #ff0000;\"><strong>Presvla\u010denje platnom , oslikavanje i postavljanje ru\u010dki<\/strong><\/span><\/p>\r\n\r\n\r\n\r\n<p>Nakon obrade drveta mo\u017eemo se prebaciti na daljnju pripremu \u0161tita.<\/p>\r\n\r\n\r\n\r\n<p>Prvenstveno trebamo izbu\u0161iti rupe po obrubu \u0161tita tako da su udaljene 1 cm od ruba \u0161tita a me\u0111usobno su udaljene 1cm jedna od druge. Navedene rupe \u0107emo kasnije koristiti radi op\u0161iva ruba iz dva razloga.<\/p>\r\n\r\n\r\n\r\n<ol class=\"wp-block-list\">\r\n<li>Kako bi se tokom kori\u0161tenja \u0161tit manje o\u0161tetio jer je rub vanjskog platna \u010dvrsto povezano sa drvenim dijelom<\/li>\r\n\r\n\r\n\r\n<li>kako bi se u\u0161ila blank ko\u017ea debljine 4 mm za vanjsku stranu \u0161tita radi za\u0161tite od proboja strijela ( opcionalno )<\/li>\r\n<\/ol>\r\n\r\n\r\n\r\n<p>Time smo do\u0161li i do postavljanja zakovica u za to ve\u0107 prije pripremljene rupe. S obzirom da se ipak ne radi o vremenu kad su se takvi \u0161titovi izra\u0111ivali zakovice sam modernizirao za M6 turban vijke na koje se postavljaju pripadaju\u0107e \u010dahuraste matice. Razlog je vrlo jednostavan. S obzirom da se na \u0161titu najvi\u0161e tro\u0161e ko\u017ene ru\u010dke uzeo sam u obzir da ih se mo\u017ee mijenjati a da pri tome nije potrebno mijenjati i zakovice.<\/p>\r\n\r\n\r\n\r\n<figure class=\"wp-block-gallery aligncenter has-nested-images columns-default is-cropped wp-block-gallery-2 is-layout-flex wp-block-gallery-is-layout-flex\">\r\n<figure class=\"wp-block-image size-large\"><img loading=\"lazy\" decoding=\"async\" width=\"766\" height=\"1024\" data-id=\"2802\" class=\"wp-image-2802\" src=\"https:\/\/grboslovlje.eu\/wp-content\/uploads\/2024\/01\/FB_IMG_1706479201494-766x1024.jpg\" alt=\"\" \/><\/figure>\r\n\r\n\r\n\r\n<figure class=\"wp-block-image size-large\"><img loading=\"lazy\" decoding=\"async\" width=\"766\" height=\"1024\" data-id=\"2803\" class=\"wp-image-2803\" src=\"https:\/\/grboslovlje.eu\/wp-content\/uploads\/2024\/01\/FB_IMG_1706479204754-766x1024.jpg\" alt=\"\" \/><\/figure>\r\n<\/figure>\r\n\r\n\r\n\r\n<p>Sad je vrijeme da se \u0161tit presvu\u010de platno. Slijepimo ga sa vanjske strane i obre\u017eemo ga na nekih 3-4 cm od ruba \u0161tita. Ukoliko stavljate jo\u0161 i ko\u017eni sloj ne zaboravite ga postaviti izme\u0111u drveta i platna.<\/p>\r\n\r\n\r\n<div class=\"wp-block-image\">\r\n<figure class=\"aligncenter size-large\"><img loading=\"lazy\" decoding=\"async\" width=\"811\" height=\"1024\" class=\"wp-image-2804\" src=\"https:\/\/grboslovlje.eu\/wp-content\/uploads\/2024\/01\/FB_IMG_1706479207948-811x1024.jpg\" alt=\"\" \/><\/figure>\r\n<\/div>\r\n\r\n\r\n<p>Presavijemo platno preko ruba paze\u0107i da je platno zategnuto i za\u0161ijemo ga za drveni dio \u0161tita kroz obrubne rupe.<\/p>\r\n\r\n\r\n<div class=\"wp-block-image\">\r\n<figure class=\"aligncenter size-large\"><img loading=\"lazy\" decoding=\"async\" width=\"766\" height=\"1024\" class=\"wp-image-2805\" src=\"https:\/\/grboslovlje.eu\/wp-content\/uploads\/2024\/01\/FB_IMG_1706479210991-766x1024.jpg\" alt=\"\" \/><\/figure>\r\n<\/div>\r\n\r\n\r\n<p>Zalijepimo platno i sa unutarnje strane te ga pore\u017eemo sa skalpelom ili no\u017eem uz sam rub \u0161tita.<\/p>\r\n\r\n\r\n<div class=\"wp-block-image\">\r\n<figure class=\"aligncenter size-large\"><img loading=\"lazy\" decoding=\"async\" width=\"766\" height=\"1024\" class=\"wp-image-2806\" src=\"https:\/\/grboslovlje.eu\/wp-content\/uploads\/2024\/01\/FB_IMG_1706479214065-e1706479584521-766x1024.jpg\" alt=\"\" \/><\/figure>\r\n<\/div>\r\n\r\n\r\n<p>Nakon postavljanja zakovica i platna, \u0161tit je oslikan i postavljene su ru\u010dke.<\/p>\r\n\r\n\r\n\r\n<figure class=\"wp-block-gallery aligncenter has-nested-images columns-default is-cropped wp-block-gallery-3 is-layout-flex wp-block-gallery-is-layout-flex\">\r\n<figure class=\"wp-block-image size-large\"><img loading=\"lazy\" decoding=\"async\" width=\"766\" height=\"1024\" data-id=\"2815\" class=\"wp-image-2815\" src=\"https:\/\/grboslovlje.eu\/wp-content\/uploads\/2024\/01\/IMG_20240129_104609-766x1024.jpg\" alt=\"\" \/><\/figure>\r\n\r\n\r\n\r\n<figure class=\"wp-block-image size-large\"><img loading=\"lazy\" decoding=\"async\" width=\"766\" height=\"1024\" data-id=\"2807\" class=\"wp-image-2807\" src=\"https:\/\/grboslovlje.eu\/wp-content\/uploads\/2024\/01\/FB_IMG_1706479222559-766x1024.jpg\" alt=\"\" \/><\/figure>\r\n<\/figure>\r\n\r\n\r\n\r\n<p class=\"has-medium-font-size\"><span style=\"color: #ff0000;\"><strong>Postavljanje<\/strong><\/span><\/p>\r\n\r\n\r\n\r\n<p>Vrijeme je da ga se doda kompletu.<\/p>\r\n\r\n\r\n<div class=\"wp-block-image\">\r\n<figure class=\"aligncenter size-full\"><img loading=\"lazy\" decoding=\"async\" width=\"1532\" height=\"2048\" class=\"wp-image-2795\" src=\"https:\/\/grboslovlje.eu\/wp-content\/uploads\/2024\/01\/391576867_10161996838355769_7521065433304062974_n.jpg\" alt=\"\" \/><\/figure>\r\n<\/div>","protected":false},"excerpt":{"rendered":"<p>Prilikom pregleda raznih plemi\u0107kih grbovnika uo\u010dio sam da samo u grbovnicima sa hrvatskim plemstvom se pojavljuje jedan heraldi\u010dki oblik \u0161tita kojeg nema nigdje drugdje. Po\u010dev\u0161i od Plemi\u0107kog grbovnika iz Fojnice iz 1675. ( kopija izvornika Ohmu\u010devi\u0107evog grbovnika iz 1340. ) pa sve do grbovnika Der Adel von Kroatien und Slavonien od dr. Bojni\u010di\u0107a iz 1899. [&hellip;]<\/p>\n","protected":false},"author":1,"featured_media":2743,"comment_status":"open","ping_status":"open","sticky":false,"template":"","format":"standard","meta":{"inline_featured_image":false,"footnotes":""},"categories":[78],"tags":[],"class_list":["post-2769","post","type-post","status-publish","format-standard","has-post-thumbnail","hentry","category-grboslovlje-u-praksi"],"rttpg_featured_image_url":{"full":["https:\/\/grboslovlje.eu\/wp-content\/uploads\/2024\/01\/HR_oblik.png",828,1168,false],"landscape":["https:\/\/grboslovlje.eu\/wp-content\/uploads\/2024\/01\/HR_oblik.png",828,1168,false],"portraits":["https:\/\/grboslovlje.eu\/wp-content\/uploads\/2024\/01\/HR_oblik.png",828,1168,false],"thumbnail":["https:\/\/grboslovlje.eu\/wp-content\/uploads\/2024\/01\/HR_oblik-150x150.png",150,150,true],"medium":["https:\/\/grboslovlje.eu\/wp-content\/uploads\/2024\/01\/HR_oblik-213x300.png",213,300,true],"large":["https:\/\/grboslovlje.eu\/wp-content\/uploads\/2024\/01\/HR_oblik-726x1024.png",726,1024,true],"1536x1536":["https:\/\/grboslovlje.eu\/wp-content\/uploads\/2024\/01\/HR_oblik.png",828,1168,false],"2048x2048":["https:\/\/grboslovlje.eu\/wp-content\/uploads\/2024\/01\/HR_oblik.png",828,1168,false],"woocommerce_thumbnail":["https:\/\/grboslovlje.eu\/wp-content\/uploads\/2024\/01\/HR_oblik-324x457.png",324,457,true],"woocommerce_single":["https:\/\/grboslovlje.eu\/wp-content\/uploads\/2024\/01\/HR_oblik-416x587.png",416,587,true],"woocommerce_gallery_thumbnail":["https:\/\/grboslovlje.eu\/wp-content\/uploads\/2024\/01\/HR_oblik-100x100.png",100,100,true]},"rttpg_author":{"display_name":"Hrvoje Knezovi\u0107","author_link":"https:\/\/grboslovlje.eu\/index.php\/author\/qehadlbah\/"},"rttpg_comment":6,"rttpg_category":"<a href=\"https:\/\/grboslovlje.eu\/index.php\/category\/grboslovlje-u-praksi\/\" rel=\"category tag\">Grboslovlje u praksi<\/a>","rttpg_excerpt":"Prilikom pregleda raznih plemi\u0107kih grbovnika uo\u010dio sam da samo u grbovnicima sa hrvatskim plemstvom se pojavljuje jedan heraldi\u010dki oblik \u0161tita kojeg nema nigdje drugdje. Po\u010dev\u0161i od Plemi\u0107kog grbovnika iz Fojnice iz 1675. ( kopija izvornika Ohmu\u010devi\u0107evog grbovnika iz 1340. ) pa sve do grbovnika Der Adel von Kroatien und Slavonien od dr. Bojni\u010di\u0107a iz 1899.&hellip;","_links":{"self":[{"href":"https:\/\/grboslovlje.eu\/index.php\/wp-json\/wp\/v2\/posts\/2769","targetHints":{"allow":["GET"]}}],"collection":[{"href":"https:\/\/grboslovlje.eu\/index.php\/wp-json\/wp\/v2\/posts"}],"about":[{"href":"https:\/\/grboslovlje.eu\/index.php\/wp-json\/wp\/v2\/types\/post"}],"author":[{"embeddable":true,"href":"https:\/\/grboslovlje.eu\/index.php\/wp-json\/wp\/v2\/users\/1"}],"replies":[{"embeddable":true,"href":"https:\/\/grboslovlje.eu\/index.php\/wp-json\/wp\/v2\/comments?post=2769"}],"version-history":[{"count":24,"href":"https:\/\/grboslovlje.eu\/index.php\/wp-json\/wp\/v2\/posts\/2769\/revisions"}],"predecessor-version":[{"id":3106,"href":"https:\/\/grboslovlje.eu\/index.php\/wp-json\/wp\/v2\/posts\/2769\/revisions\/3106"}],"wp:featuredmedia":[{"embeddable":true,"href":"https:\/\/grboslovlje.eu\/index.php\/wp-json\/wp\/v2\/media\/2743"}],"wp:attachment":[{"href":"https:\/\/grboslovlje.eu\/index.php\/wp-json\/wp\/v2\/media?parent=2769"}],"wp:term":[{"taxonomy":"category","embeddable":true,"href":"https:\/\/grboslovlje.eu\/index.php\/wp-json\/wp\/v2\/categories?post=2769"},{"taxonomy":"post_tag","embeddable":true,"href":"https:\/\/grboslovlje.eu\/index.php\/wp-json\/wp\/v2\/tags?post=2769"}],"curies":[{"name":"wp","href":"https:\/\/api.w.org\/{rel}","templated":true}]}}